{"id":1152,"date":"2014-12-17T08:05:52","date_gmt":"2014-12-17T08:05:52","guid":{"rendered":"http:\/\/radeln-in-den-sonnenaufgang.de\/?p=1152"},"modified":"2014-12-19T20:17:13","modified_gmt":"2014-12-19T20:17:13","slug":"iran-4-shiraz","status":"publish","type":"post","link":"https:\/\/radeln-in-den-sonnenaufgang.de\/?p=1152","title":{"rendered":"Iran 4; Shiraz"},"content":{"rendered":"<p>Aufgrund eines kleinen Missverst\u00e4ndnisses bemerkten wir einen Tag vor unserer Ankunft in Shiraz, dass wir dort bislang ohne Unterkunft dastehen. Internet hatten wir auch keines und so bedienten wir uns ein paar Telefonkontakten, die wir von einem anderen Gastgeber bekommen hatten. Als wir in die Stadt hineinfahren erhalten wir \u00fcber diesen Kontakt eine Zusage. Kurze Zeit sp\u00e4ter steht eine ganz andere Person am Stra\u00dfenrand und l\u00e4dt uns spontan zum Bleiben ein &#8211; zwei \u00dcbernachtungsm\u00f6glichkeiten binnen zehn Minuten! So beginnt schon unser erster Abend in Shiraz mit einer positiven \u00dcberraschung, es sollte nicht die letzte bleiben.<br \/>\nUnsere Gastgeber holen uns ab und sind ein echter Gl\u00fccksgriff. Nicht nur, dass Bobak, Sara und ihr gesamter Freundeskreis sehr liebe und herzliche Menschen sind, sie sind auch echte Rad- und Outdoorenthusiasten. Bald sind sie echte Freunde. Dazu ist Shiraz eine wahre Perle. Die Gro\u00dfstadt ist vollgestopft mit freundlichen Leuten und historischen Orten erster Klasse. Bobak f\u00fchrt uns am kommenden Tag ein wenig durch die Stadt, wir besichtigen eine wundersch\u00f6ne und durchaus kitschige Jugendstilmoschee, essen iranische Eiscreme (sehr speziell) und bekommen den sehr schicken lokalen Kletterfelsen gezeigt. In Shiraz ruhen zudem Saadi und Hafez, die iranische Version von Goethe und Schiller. Beiden wurde ein Mausulen in G\u00e4rten gebaut, die die Iranis gerne besuchen. Die Anlagen sind wahre Orte der Ruhe, nur dezent werden die Gedichte \u00fcber Lautsprecher abgespielt, w\u00e4hrend zu Sonnenuntergang hunderte Menschen in den G\u00e4rten verweilen. Eine W\u00fcrdigung der Kunst, wie man sie selten findet. Von einem weiteren Bekannten lassen wir uns am Folgetag die G\u00e4rten zeigen &#8211; unserer Meinung nach hat Shiraz den Namen als Stadt der Blumen und Dichter allemal verdient.<br \/>\nAn einem weiteren Tag besichtigen wir, w\u00e4hrend unsere Gastgeber arbeiten m\u00fcssen, das nahegelegene Persepolis. Als wir zur\u00fcck trampen werden wir spontan zum Kaffee ausgef\u00fchrt. Nach langer Diskussion dar\u00fcber, welches Etablissement dem Besuch aus Europa (der \u00fcbrigens im Vergleich zur restlichen Stadtbev\u00f6lkerung einen auff\u00e4llig sch\u00e4bigen \u00e4u\u00dferen Eindruck hinterl\u00e4sst) gerecht werden k\u00f6nnte, f\u00e4llt die Wahl trotz unseres Protests auf das Grand Hotel der Metropole. So schl\u00fcrfen wir wenige Zeit sp\u00e4ter bei grandioser Aussicht den besten Kaffee (tats\u00e4chlich nicht entkoffeiniert!) seit einer gef\u00fchlten Ewigkeit und tauschen uns mit unseren Gastgebern \u00fcber Unterschiede und Gemeinsamkeiten zwischen Deutschland und Iran aus.<br \/>\nAm Wochenende feiern wir in gro\u00dfer Runde in einem private Garten in den Bergen und uns wird mal wieder deutlich, wie gro\u00df die Diskrepanz zwischen den Sittenregeln auf der Stra\u00dfe und der privat gelebten Freiheit sein kann. Auch wenn die Stadt f\u00fcr ihren Weinbau im Iran bekannt ist, feiern wir an diesem Abend trocken und bei Tanz und Gesang sehr fr\u00f6hlich.<br \/>\nIn ganz Iran gilt Shiraz als sch\u00f6n, liberal, lebenswert und faul. Wir f\u00fchlen uns auf Anhieb zu Hause. M\u00fcssten wir nicht irgendwann Heim, wir w\u00e4hren gerne geblieben. So buchen wir schweren Herzens Tickets nach Teheran und machen uns eines Abends auf Richtung Bahnhof. Nach fast 5.000 km ohne eine einzige Panne oder platten Reifen kommt es auf dem letzten Raskilometer zu einem unangenehmen Zusammensto\u00df zwischen zwei Autos und Lindas Fahrrad. Nun haben wir den ber\u00fcchtigten iranische Verkehr doch noch zu sp\u00fcren bekommen. Wie durch ein Wunder bleibt es bei einem blauen Fleck, aber das Rad ist hin. Der Fahrer fl\u00fcchtet, doch es finden sich sofort viele hilfsbereite Menschen ein. Etwas geschockt lassen wir uns von zwei liebenswerten Menschen zum Bahnhof bringen. F\u00fcr andere Radler bleibt uns nur der Rat, niemals bei Dunkelheit und m\u00f6glichst nicht auf Hauptverkehrsstra\u00dfen in der N\u00e4he der gro\u00dfen St\u00e4dte zu fahren.<br \/>\nWir steigen mit einem schwer besch\u00e4digten Rad und einem bitteren Nachgeschmack, auf den wir nach unserer tollen Zeit in diesem Land so gerne verzichtet h\u00e4tten in den Zug und treten unseren R\u00fcckweg an. Shiraz bleibt f\u00fcr uns das Highlight in Iran und eines der ganz tollen Erlebnisse dieser Reise, die sich sp\u00fcrbar dem Ende zuneigt.<\/p>\n<p><!-- index.php -->\n<div\n\tclass=\"ngg-galleryoverview ngg-ajax-pagination-none\"\n\tid=\"ngg-gallery-1296-1\">\n\n    \t\t<!-- Thumbnails -->\n\t\t\t\t<div id=\"ngg-image-0\" class=\"ngg-gallery-thumbnail-box\" >\n\t\t\t\t        <div class=\"ngg-gallery-thumbnail\">\n            <a href=\"https:\/\/radeln-in-den-sonnenaufgang.de\/wp-content\/gallery\/shiraz-1\/2014-12-04-11h29m21.JPG\"\n               title=\"\"\n               data-src=\"https:\/\/radeln-in-den-sonnenaufgang.de\/wp-content\/gallery\/shiraz-1\/2014-12-04-11h29m21.JPG\"\n               data-thumbnail=\"https:\/\/radeln-in-den-sonnenaufgang.de\/wp-content\/gallery\/shiraz-1\/thumbs\/thumbs_2014-12-04-11h29m21.JPG\"\n               data-image-id=\"417\"\n               data-title=\"2014-12-04-11h29m21\"\n               data-description=\"\"\n               data-image-slug=\"2014-12-04-11h29m21-1\"\n               class=\"ngg-fancybox\" rel=\"1296\">\n                <img\n                    title=\"2014-12-04-11h29m21\"\n                    alt=\"2014-12-04-11h29m21\"\n                    src=\"https:\/\/radeln-in-den-sonnenaufgang.de\/wp-content\/gallery\/shiraz-1\/cache\/2014-12-04-11h29m21.JPG-nggid03417-ngg0dyn-120x90x100-00f0w010c011r110f110r010t010.JPG\"\n                    width=\"120\"\n                    height=\"90\"\n                    style=\"max-width:100%;\"\n                \/>\n            <\/a>\n        <\/div>\n\t\t\t\t\t\t\t<\/div> \n\t\t\t\n        \n\t\t\t\t<div id=\"ngg-image-1\" class=\"ngg-gallery-thumbnail-box\" >\n\t\t\t\t        <div class=\"ngg-gallery-thumbnail\">\n            <a href=\"https:\/\/radeln-in-den-sonnenaufgang.de\/wp-content\/gallery\/shiraz-1\/2014-12-04-11h45m27.JPG\"\n               title=\"\"\n               data-src=\"https:\/\/radeln-in-den-sonnenaufgang.de\/wp-content\/gallery\/shiraz-1\/2014-12-04-11h45m27.JPG\"\n               data-thumbnail=\"https:\/\/radeln-in-den-sonnenaufgang.de\/wp-content\/gallery\/shiraz-1\/thumbs\/thumbs_2014-12-04-11h45m27.JPG\"\n               data-image-id=\"418\"\n               data-title=\"2014-12-04-11h45m27\"\n               data-description=\"\"\n               data-image-slug=\"2014-12-04-11h45m27-1\"\n               class=\"ngg-fancybox\" rel=\"1296\">\n                <img\n                    title=\"2014-12-04-11h45m27\"\n                    alt=\"2014-12-04-11h45m27\"\n                    src=\"https:\/\/radeln-in-den-sonnenaufgang.de\/wp-content\/gallery\/shiraz-1\/cache\/2014-12-04-11h45m27.JPG-nggid03418-ngg0dyn-120x90x100-00f0w010c011r110f110r010t010.JPG\"\n                    width=\"120\"\n                    height=\"90\"\n                    style=\"max-width:100%;\"\n                \/>\n            <\/a>\n        <\/div>\n\t\t\t\t\t\t\t<\/div> \n\t\t\t\n        \n\t\t\t\t<div id=\"ngg-image-2\" class=\"ngg-gallery-thumbnail-box\" >\n\t\t\t\t        <div class=\"ngg-gallery-thumbnail\">\n            <a href=\"https:\/\/radeln-in-den-sonnenaufgang.de\/wp-content\/gallery\/shiraz-1\/2014-12-04-11h51m08.JPG\"\n               title=\"\"\n               data-src=\"https:\/\/radeln-in-den-sonnenaufgang.de\/wp-content\/gallery\/shiraz-1\/2014-12-04-11h51m08.JPG\"\n               data-thumbnail=\"https:\/\/radeln-in-den-sonnenaufgang.de\/wp-content\/gallery\/shiraz-1\/thumbs\/thumbs_2014-12-04-11h51m08.JPG\"\n               data-image-id=\"419\"\n               data-title=\"2014-12-04-11h51m08\"\n               data-description=\"\"\n               data-image-slug=\"2014-12-04-11h51m08\"\n               class=\"ngg-fancybox\" rel=\"1296\">\n                <img\n                    title=\"2014-12-04-11h51m08\"\n                    alt=\"2014-12-04-11h51m08\"\n                    src=\"https:\/\/radeln-in-den-sonnenaufgang.de\/wp-content\/gallery\/shiraz-1\/cache\/2014-12-04-11h51m08.JPG-nggid03419-ngg0dyn-120x90x100-00f0w010c011r110f110r010t010.JPG\"\n                    width=\"120\"\n                    height=\"90\"\n                    style=\"max-width:100%;\"\n                \/>\n            <\/a>\n        <\/div>\n\t\t\t\t\t\t\t<\/div> \n\t\t\t\n        \n\t\t\t\t<div id=\"ngg-image-3\" class=\"ngg-gallery-thumbnail-box\" >\n\t\t\t\t        <div class=\"ngg-gallery-thumbnail\">\n            <a href=\"https:\/\/radeln-in-den-sonnenaufgang.de\/wp-content\/gallery\/shiraz-1\/2014-12-04-14h08m10.JPG\"\n               title=\"\"\n               data-src=\"https:\/\/radeln-in-den-sonnenaufgang.de\/wp-content\/gallery\/shiraz-1\/2014-12-04-14h08m10.JPG\"\n               data-thumbnail=\"https:\/\/radeln-in-den-sonnenaufgang.de\/wp-content\/gallery\/shiraz-1\/thumbs\/thumbs_2014-12-04-14h08m10.JPG\"\n               data-image-id=\"420\"\n               data-title=\"2014-12-04-14h08m10\"\n               data-description=\"\"\n               data-image-slug=\"2014-12-04-14h08m10-1\"\n               class=\"ngg-fancybox\" rel=\"1296\">\n                <img\n                    title=\"2014-12-04-14h08m10\"\n                    alt=\"2014-12-04-14h08m10\"\n                    src=\"https:\/\/radeln-in-den-sonnenaufgang.de\/wp-content\/gallery\/shiraz-1\/cache\/2014-12-04-14h08m10.JPG-nggid03420-ngg0dyn-120x90x100-00f0w010c011r110f110r010t010.JPG\"\n                    width=\"120\"\n                    height=\"90\"\n                    style=\"max-width:100%;\"\n                \/>\n            <\/a>\n        <\/div>\n\t\t\t\t\t\t\t<\/div> \n\t\t\t\n        \n\t\t\t\t<div id=\"ngg-image-4\" class=\"ngg-gallery-thumbnail-box\" >\n\t\t\t\t        <div class=\"ngg-gallery-thumbnail\">\n            <a href=\"https:\/\/radeln-in-den-sonnenaufgang.de\/wp-content\/gallery\/shiraz-1\/2014-12-04-15h29m33.JPG\"\n               title=\"\"\n               data-src=\"https:\/\/radeln-in-den-sonnenaufgang.de\/wp-content\/gallery\/shiraz-1\/2014-12-04-15h29m33.JPG\"\n               data-thumbnail=\"https:\/\/radeln-in-den-sonnenaufgang.de\/wp-content\/gallery\/shiraz-1\/thumbs\/thumbs_2014-12-04-15h29m33.JPG\"\n               data-image-id=\"421\"\n               data-title=\"2014-12-04-15h29m33\"\n               data-description=\"\"\n               data-image-slug=\"2014-12-04-15h29m33\"\n               class=\"ngg-fancybox\" rel=\"1296\">\n                <img\n                    title=\"2014-12-04-15h29m33\"\n                    alt=\"2014-12-04-15h29m33\"\n                    src=\"https:\/\/radeln-in-den-sonnenaufgang.de\/wp-content\/gallery\/shiraz-1\/cache\/2014-12-04-15h29m33.JPG-nggid03421-ngg0dyn-120x90x100-00f0w010c011r110f110r010t010.JPG\"\n                    width=\"120\"\n                    height=\"90\"\n                    style=\"max-width:100%;\"\n                \/>\n            <\/a>\n        <\/div>\n\t\t\t\t\t\t\t<\/div> \n\t\t\t\n        \n\t\t\t\t<div id=\"ngg-image-5\" class=\"ngg-gallery-thumbnail-box\" >\n\t\t\t\t        <div class=\"ngg-gallery-thumbnail\">\n            <a href=\"https:\/\/radeln-in-den-sonnenaufgang.de\/wp-content\/gallery\/shiraz-1\/2014-12-05-09h52m19.JPG\"\n               title=\"\"\n               data-src=\"https:\/\/radeln-in-den-sonnenaufgang.de\/wp-content\/gallery\/shiraz-1\/2014-12-05-09h52m19.JPG\"\n               data-thumbnail=\"https:\/\/radeln-in-den-sonnenaufgang.de\/wp-content\/gallery\/shiraz-1\/thumbs\/thumbs_2014-12-05-09h52m19.JPG\"\n               data-image-id=\"422\"\n               data-title=\"2014-12-05-09h52m19\"\n               data-description=\"\"\n               data-image-slug=\"2014-12-05-09h52m19\"\n               class=\"ngg-fancybox\" rel=\"1296\">\n                <img\n                    title=\"2014-12-05-09h52m19\"\n                    alt=\"2014-12-05-09h52m19\"\n                    src=\"https:\/\/radeln-in-den-sonnenaufgang.de\/wp-content\/gallery\/shiraz-1\/cache\/2014-12-05-09h52m19.JPG-nggid03422-ngg0dyn-120x90x100-00f0w010c011r110f110r010t010.JPG\"\n                    width=\"120\"\n                    height=\"90\"\n                    style=\"max-width:100%;\"\n                \/>\n            <\/a>\n        <\/div>\n\t\t\t\t\t\t\t<\/div> \n\t\t\t\n        \n\t\t\t\t<div id=\"ngg-image-6\" class=\"ngg-gallery-thumbnail-box\" >\n\t\t\t\t        <div class=\"ngg-gallery-thumbnail\">\n            <a href=\"https:\/\/radeln-in-den-sonnenaufgang.de\/wp-content\/gallery\/shiraz-1\/2014-12-05-10h02m18.JPG\"\n               title=\"\"\n               data-src=\"https:\/\/radeln-in-den-sonnenaufgang.de\/wp-content\/gallery\/shiraz-1\/2014-12-05-10h02m18.JPG\"\n               data-thumbnail=\"https:\/\/radeln-in-den-sonnenaufgang.de\/wp-content\/gallery\/shiraz-1\/thumbs\/thumbs_2014-12-05-10h02m18.JPG\"\n               data-image-id=\"423\"\n               data-title=\"2014-12-05-10h02m18\"\n               data-description=\"\"\n               data-image-slug=\"2014-12-05-10h02m18\"\n               class=\"ngg-fancybox\" rel=\"1296\">\n                <img\n                    title=\"2014-12-05-10h02m18\"\n                    alt=\"2014-12-05-10h02m18\"\n                    src=\"https:\/\/radeln-in-den-sonnenaufgang.de\/wp-content\/gallery\/shiraz-1\/cache\/2014-12-05-10h02m18.JPG-nggid03423-ngg0dyn-120x90x100-00f0w010c011r110f110r010t010.JPG\"\n                    width=\"120\"\n                    height=\"90\"\n                    style=\"max-width:100%;\"\n                \/>\n            <\/a>\n        <\/div>\n\t\t\t\t\t\t\t<\/div> \n\t\t\t\n        \n\t\t\t\t<div id=\"ngg-image-7\" class=\"ngg-gallery-thumbnail-box\" >\n\t\t\t\t        <div class=\"ngg-gallery-thumbnail\">\n            <a href=\"https:\/\/radeln-in-den-sonnenaufgang.de\/wp-content\/gallery\/shiraz-1\/2014-12-06-09h05m13.JPG\"\n               title=\"\"\n               data-src=\"https:\/\/radeln-in-den-sonnenaufgang.de\/wp-content\/gallery\/shiraz-1\/2014-12-06-09h05m13.JPG\"\n               data-thumbnail=\"https:\/\/radeln-in-den-sonnenaufgang.de\/wp-content\/gallery\/shiraz-1\/thumbs\/thumbs_2014-12-06-09h05m13.JPG\"\n               data-image-id=\"427\"\n               data-title=\"2014-12-06-09h05m13\"\n               data-description=\"\"\n               data-image-slug=\"2014-12-06-09h05m13\"\n               class=\"ngg-fancybox\" rel=\"1296\">\n                <img\n                    title=\"2014-12-06-09h05m13\"\n                    alt=\"2014-12-06-09h05m13\"\n                    src=\"https:\/\/radeln-in-den-sonnenaufgang.de\/wp-content\/gallery\/shiraz-1\/cache\/2014-12-06-09h05m13.JPG-nggid03427-ngg0dyn-120x90x100-00f0w010c011r110f110r010t010.JPG\"\n                    width=\"120\"\n                    height=\"90\"\n                    style=\"max-width:100%;\"\n                \/>\n            <\/a>\n        <\/div>\n\t\t\t\t\t\t\t<\/div> \n\t\t\t\n        \n\t\t\t\t<div id=\"ngg-image-8\" class=\"ngg-gallery-thumbnail-box\" >\n\t\t\t\t        <div class=\"ngg-gallery-thumbnail\">\n            <a href=\"https:\/\/radeln-in-den-sonnenaufgang.de\/wp-content\/gallery\/shiraz-1\/2014-12-06-09h05m38.JPG\"\n               title=\"\"\n               data-src=\"https:\/\/radeln-in-den-sonnenaufgang.de\/wp-content\/gallery\/shiraz-1\/2014-12-06-09h05m38.JPG\"\n               data-thumbnail=\"https:\/\/radeln-in-den-sonnenaufgang.de\/wp-content\/gallery\/shiraz-1\/thumbs\/thumbs_2014-12-06-09h05m38.JPG\"\n               data-image-id=\"428\"\n               data-title=\"2014-12-06-09h05m38\"\n               data-description=\"\"\n               data-image-slug=\"2014-12-06-09h05m38\"\n               class=\"ngg-fancybox\" rel=\"1296\">\n                <img\n                    title=\"2014-12-06-09h05m38\"\n                    alt=\"2014-12-06-09h05m38\"\n                    src=\"https:\/\/radeln-in-den-sonnenaufgang.de\/wp-content\/gallery\/shiraz-1\/cache\/2014-12-06-09h05m38.JPG-nggid03428-ngg0dyn-120x90x100-00f0w010c011r110f110r010t010.JPG\"\n                    width=\"120\"\n                    height=\"90\"\n                    style=\"max-width:100%;\"\n                \/>\n            <\/a>\n        <\/div>\n\t\t\t\t\t\t\t<\/div> \n\t\t\t\n        \n\t\t\t\t<div id=\"ngg-image-9\" class=\"ngg-gallery-thumbnail-box\" >\n\t\t\t\t        <div class=\"ngg-gallery-thumbnail\">\n            <a href=\"https:\/\/radeln-in-den-sonnenaufgang.de\/wp-content\/gallery\/shiraz-1\/2014-12-06-09h55m43.JPG\"\n               title=\"\"\n               data-src=\"https:\/\/radeln-in-den-sonnenaufgang.de\/wp-content\/gallery\/shiraz-1\/2014-12-06-09h55m43.JPG\"\n               data-thumbnail=\"https:\/\/radeln-in-den-sonnenaufgang.de\/wp-content\/gallery\/shiraz-1\/thumbs\/thumbs_2014-12-06-09h55m43.JPG\"\n               data-image-id=\"429\"\n               data-title=\"2014-12-06-09h55m43\"\n               data-description=\"\"\n               data-image-slug=\"2014-12-06-09h55m43\"\n               class=\"ngg-fancybox\" rel=\"1296\">\n                <img\n                    title=\"2014-12-06-09h55m43\"\n                    alt=\"2014-12-06-09h55m43\"\n                    src=\"https:\/\/radeln-in-den-sonnenaufgang.de\/wp-content\/gallery\/shiraz-1\/cache\/2014-12-06-09h55m43.JPG-nggid03429-ngg0dyn-120x90x100-00f0w010c011r110f110r010t010.JPG\"\n                    width=\"120\"\n                    height=\"90\"\n                    style=\"max-width:100%;\"\n                \/>\n            <\/a>\n        <\/div>\n\t\t\t\t\t\t\t<\/div> \n\t\t\t\n        \n\t\t\t\t<div id=\"ngg-image-10\" class=\"ngg-gallery-thumbnail-box\" >\n\t\t\t\t        <div class=\"ngg-gallery-thumbnail\">\n            <a href=\"https:\/\/radeln-in-den-sonnenaufgang.de\/wp-content\/gallery\/shiraz-1\/2014-12-06-11h35m59.JPG\"\n               title=\"\"\n               data-src=\"https:\/\/radeln-in-den-sonnenaufgang.de\/wp-content\/gallery\/shiraz-1\/2014-12-06-11h35m59.JPG\"\n               data-thumbnail=\"https:\/\/radeln-in-den-sonnenaufgang.de\/wp-content\/gallery\/shiraz-1\/thumbs\/thumbs_2014-12-06-11h35m59.JPG\"\n               data-image-id=\"430\"\n               data-title=\"2014-12-06-11h35m59\"\n               data-description=\"\"\n               data-image-slug=\"2014-12-06-11h35m59\"\n               class=\"ngg-fancybox\" rel=\"1296\">\n                <img\n                    title=\"2014-12-06-11h35m59\"\n                    alt=\"2014-12-06-11h35m59\"\n                    src=\"https:\/\/radeln-in-den-sonnenaufgang.de\/wp-content\/gallery\/shiraz-1\/cache\/2014-12-06-11h35m59.JPG-nggid03430-ngg0dyn-120x90x100-00f0w010c011r110f110r010t010.JPG\"\n                    width=\"120\"\n                    height=\"90\"\n                    style=\"max-width:100%;\"\n                \/>\n            <\/a>\n        <\/div>\n\t\t\t\t\t\t\t<\/div> \n\t\t\t\n        \n\t\t\t\t<div id=\"ngg-image-11\" class=\"ngg-gallery-thumbnail-box\" >\n\t\t\t\t        <div class=\"ngg-gallery-thumbnail\">\n            <a href=\"https:\/\/radeln-in-den-sonnenaufgang.de\/wp-content\/gallery\/shiraz-1\/2014-12-06-11h39m05.JPG\"\n               title=\"\"\n               data-src=\"https:\/\/radeln-in-den-sonnenaufgang.de\/wp-content\/gallery\/shiraz-1\/2014-12-06-11h39m05.JPG\"\n               data-thumbnail=\"https:\/\/radeln-in-den-sonnenaufgang.de\/wp-content\/gallery\/shiraz-1\/thumbs\/thumbs_2014-12-06-11h39m05.JPG\"\n               data-image-id=\"431\"\n               data-title=\"2014-12-06-11h39m05\"\n               data-description=\"\"\n               data-image-slug=\"2014-12-06-11h39m05\"\n               class=\"ngg-fancybox\" rel=\"1296\">\n                <img\n                    title=\"2014-12-06-11h39m05\"\n                    alt=\"2014-12-06-11h39m05\"\n                    src=\"https:\/\/radeln-in-den-sonnenaufgang.de\/wp-content\/gallery\/shiraz-1\/cache\/2014-12-06-11h39m05.JPG-nggid03431-ngg0dyn-120x90x100-00f0w010c011r110f110r010t010.JPG\"\n                    width=\"120\"\n                    height=\"90\"\n                    style=\"max-width:100%;\"\n                \/>\n            <\/a>\n        <\/div>\n\t\t\t\t\t\t\t<\/div> \n\t\t\t\n        \n\t\t\t\t<div id=\"ngg-image-12\" class=\"ngg-gallery-thumbnail-box\" >\n\t\t\t\t        <div class=\"ngg-gallery-thumbnail\">\n            <a href=\"https:\/\/radeln-in-den-sonnenaufgang.de\/wp-content\/gallery\/shiraz-1\/2014-12-06-14h49m08.JPG\"\n               title=\"\"\n               data-src=\"https:\/\/radeln-in-den-sonnenaufgang.de\/wp-content\/gallery\/shiraz-1\/2014-12-06-14h49m08.JPG\"\n               data-thumbnail=\"https:\/\/radeln-in-den-sonnenaufgang.de\/wp-content\/gallery\/shiraz-1\/thumbs\/thumbs_2014-12-06-14h49m08.JPG\"\n               data-image-id=\"432\"\n               data-title=\"2014-12-06-14h49m08\"\n               data-description=\"\"\n               data-image-slug=\"2014-12-06-14h49m08\"\n               class=\"ngg-fancybox\" rel=\"1296\">\n                <img\n                    title=\"2014-12-06-14h49m08\"\n                    alt=\"2014-12-06-14h49m08\"\n                    src=\"https:\/\/radeln-in-den-sonnenaufgang.de\/wp-content\/gallery\/shiraz-1\/cache\/2014-12-06-14h49m08.JPG-nggid03432-ngg0dyn-120x90x100-00f0w010c011r110f110r010t010.JPG\"\n                    width=\"120\"\n                    height=\"90\"\n                    style=\"max-width:100%;\"\n                \/>\n            <\/a>\n        <\/div>\n\t\t\t\t\t\t\t<\/div> \n\t\t\t\n        \n\t\t\t\t<div id=\"ngg-image-13\" class=\"ngg-gallery-thumbnail-box\" >\n\t\t\t\t        <div class=\"ngg-gallery-thumbnail\">\n            <a href=\"https:\/\/radeln-in-den-sonnenaufgang.de\/wp-content\/gallery\/shiraz-1\/2014-12-06-14h51m44.JPG\"\n               title=\"\"\n               data-src=\"https:\/\/radeln-in-den-sonnenaufgang.de\/wp-content\/gallery\/shiraz-1\/2014-12-06-14h51m44.JPG\"\n               data-thumbnail=\"https:\/\/radeln-in-den-sonnenaufgang.de\/wp-content\/gallery\/shiraz-1\/thumbs\/thumbs_2014-12-06-14h51m44.JPG\"\n               data-image-id=\"433\"\n               data-title=\"2014-12-06-14h51m44\"\n               data-description=\"\"\n               data-image-slug=\"2014-12-06-14h51m44\"\n               class=\"ngg-fancybox\" rel=\"1296\">\n                <img\n                    title=\"2014-12-06-14h51m44\"\n                    alt=\"2014-12-06-14h51m44\"\n                    src=\"https:\/\/radeln-in-den-sonnenaufgang.de\/wp-content\/gallery\/shiraz-1\/cache\/2014-12-06-14h51m44.JPG-nggid03433-ngg0dyn-120x90x100-00f0w010c011r110f110r010t010.JPG\"\n                    width=\"120\"\n                    height=\"90\"\n                    style=\"max-width:100%;\"\n                \/>\n            <\/a>\n        <\/div>\n\t\t\t\t\t\t\t<\/div> \n\t\t\t\n        \n\t\t\t\t<div id=\"ngg-image-14\" class=\"ngg-gallery-thumbnail-box\" >\n\t\t\t\t        <div class=\"ngg-gallery-thumbnail\">\n            <a href=\"https:\/\/radeln-in-den-sonnenaufgang.de\/wp-content\/gallery\/shiraz-1\/2014-12-06-14h55m31.JPG\"\n               title=\"\"\n               data-src=\"https:\/\/radeln-in-den-sonnenaufgang.de\/wp-content\/gallery\/shiraz-1\/2014-12-06-14h55m31.JPG\"\n               data-thumbnail=\"https:\/\/radeln-in-den-sonnenaufgang.de\/wp-content\/gallery\/shiraz-1\/thumbs\/thumbs_2014-12-06-14h55m31.JPG\"\n               data-image-id=\"434\"\n               data-title=\"2014-12-06-14h55m31\"\n               data-description=\"\"\n               data-image-slug=\"2014-12-06-14h55m31\"\n               class=\"ngg-fancybox\" rel=\"1296\">\n                <img\n                    title=\"2014-12-06-14h55m31\"\n                    alt=\"2014-12-06-14h55m31\"\n                    src=\"https:\/\/radeln-in-den-sonnenaufgang.de\/wp-content\/gallery\/shiraz-1\/cache\/2014-12-06-14h55m31.JPG-nggid03434-ngg0dyn-120x90x100-00f0w010c011r110f110r010t010.JPG\"\n                    width=\"120\"\n                    height=\"90\"\n                    style=\"max-width:100%;\"\n                \/>\n            <\/a>\n        <\/div>\n\t\t\t\t\t\t\t<\/div> \n\t\t\t\n        \n\t\t\t\t<div id=\"ngg-image-15\" class=\"ngg-gallery-thumbnail-box\" >\n\t\t\t\t        <div class=\"ngg-gallery-thumbnail\">\n            <a href=\"https:\/\/radeln-in-den-sonnenaufgang.de\/wp-content\/gallery\/shiraz-1\/2014-12-06-14h58m46.JPG\"\n               title=\"\"\n               data-src=\"https:\/\/radeln-in-den-sonnenaufgang.de\/wp-content\/gallery\/shiraz-1\/2014-12-06-14h58m46.JPG\"\n               data-thumbnail=\"https:\/\/radeln-in-den-sonnenaufgang.de\/wp-content\/gallery\/shiraz-1\/thumbs\/thumbs_2014-12-06-14h58m46.JPG\"\n               data-image-id=\"435\"\n               data-title=\"2014-12-06-14h58m46\"\n               data-description=\"\"\n               data-image-slug=\"2014-12-06-14h58m46\"\n               class=\"ngg-fancybox\" rel=\"1296\">\n                <img\n                    title=\"2014-12-06-14h58m46\"\n                    alt=\"2014-12-06-14h58m46\"\n                    src=\"https:\/\/radeln-in-den-sonnenaufgang.de\/wp-content\/gallery\/shiraz-1\/cache\/2014-12-06-14h58m46.JPG-nggid03435-ngg0dyn-120x90x100-00f0w010c011r110f110r010t010.JPG\"\n                    width=\"120\"\n                    height=\"90\"\n                    style=\"max-width:100%;\"\n                \/>\n            <\/a>\n        <\/div>\n\t\t\t\t\t\t\t<\/div> \n\t\t\t\n        \n\t\t\t\t<div id=\"ngg-image-16\" class=\"ngg-gallery-thumbnail-box\" >\n\t\t\t\t        <div class=\"ngg-gallery-thumbnail\">\n            <a href=\"https:\/\/radeln-in-den-sonnenaufgang.de\/wp-content\/gallery\/shiraz-1\/2014-12-06-15h09m18.JPG\"\n               title=\"\"\n               data-src=\"https:\/\/radeln-in-den-sonnenaufgang.de\/wp-content\/gallery\/shiraz-1\/2014-12-06-15h09m18.JPG\"\n               data-thumbnail=\"https:\/\/radeln-in-den-sonnenaufgang.de\/wp-content\/gallery\/shiraz-1\/thumbs\/thumbs_2014-12-06-15h09m18.JPG\"\n               data-image-id=\"436\"\n               data-title=\"2014-12-06-15h09m18\"\n               data-description=\"\"\n               data-image-slug=\"2014-12-06-15h09m18\"\n               class=\"ngg-fancybox\" rel=\"1296\">\n                <img\n                    title=\"2014-12-06-15h09m18\"\n                    alt=\"2014-12-06-15h09m18\"\n                    src=\"https:\/\/radeln-in-den-sonnenaufgang.de\/wp-content\/gallery\/shiraz-1\/cache\/2014-12-06-15h09m18.JPG-nggid03436-ngg0dyn-120x90x100-00f0w010c011r110f110r010t010.JPG\"\n                    width=\"120\"\n                    height=\"90\"\n                    style=\"max-width:100%;\"\n                \/>\n            <\/a>\n        <\/div>\n\t\t\t\t\t\t\t<\/div> \n\t\t\t\n        \n\t\t\t\t<div id=\"ngg-image-17\" class=\"ngg-gallery-thumbnail-box\" >\n\t\t\t\t        <div class=\"ngg-gallery-thumbnail\">\n            <a href=\"https:\/\/radeln-in-den-sonnenaufgang.de\/wp-content\/gallery\/shiraz-1\/2014-12-06-15h50m59.JPG\"\n               title=\"\"\n               data-src=\"https:\/\/radeln-in-den-sonnenaufgang.de\/wp-content\/gallery\/shiraz-1\/2014-12-06-15h50m59.JPG\"\n               data-thumbnail=\"https:\/\/radeln-in-den-sonnenaufgang.de\/wp-content\/gallery\/shiraz-1\/thumbs\/thumbs_2014-12-06-15h50m59.JPG\"\n               data-image-id=\"437\"\n               data-title=\"2014-12-06-15h50m59\"\n               data-description=\"\"\n               data-image-slug=\"2014-12-06-15h50m59\"\n               class=\"ngg-fancybox\" rel=\"1296\">\n                <img\n                    title=\"2014-12-06-15h50m59\"\n                    alt=\"2014-12-06-15h50m59\"\n                    src=\"https:\/\/radeln-in-den-sonnenaufgang.de\/wp-content\/gallery\/shiraz-1\/cache\/2014-12-06-15h50m59.JPG-nggid03437-ngg0dyn-120x90x100-00f0w010c011r110f110r010t010.JPG\"\n                    width=\"120\"\n                    height=\"90\"\n                    style=\"max-width:100%;\"\n                \/>\n            <\/a>\n        <\/div>\n\t\t\t\t\t\t\t<\/div> \n\t\t\t\n        \n\t\t\t\t<div id=\"ngg-image-18\" class=\"ngg-gallery-thumbnail-box\" >\n\t\t\t\t        <div class=\"ngg-gallery-thumbnail\">\n            <a href=\"https:\/\/radeln-in-den-sonnenaufgang.de\/wp-content\/gallery\/shiraz-1\/2014-12-06-17h15m03.JPG\"\n               title=\"\"\n               data-src=\"https:\/\/radeln-in-den-sonnenaufgang.de\/wp-content\/gallery\/shiraz-1\/2014-12-06-17h15m03.JPG\"\n               data-thumbnail=\"https:\/\/radeln-in-den-sonnenaufgang.de\/wp-content\/gallery\/shiraz-1\/thumbs\/thumbs_2014-12-06-17h15m03.JPG\"\n               data-image-id=\"438\"\n               data-title=\"2014-12-06-17h15m03\"\n               data-description=\"\"\n               data-image-slug=\"2014-12-06-17h15m03\"\n               class=\"ngg-fancybox\" rel=\"1296\">\n                <img\n                    title=\"2014-12-06-17h15m03\"\n                    alt=\"2014-12-06-17h15m03\"\n                    src=\"https:\/\/radeln-in-den-sonnenaufgang.de\/wp-content\/gallery\/shiraz-1\/cache\/2014-12-06-17h15m03.JPG-nggid03438-ngg0dyn-120x90x100-00f0w010c011r110f110r010t010.JPG\"\n                    width=\"120\"\n                    height=\"90\"\n                    style=\"max-width:100%;\"\n                \/>\n            <\/a>\n        <\/div>\n\t\t\t\t\t\t\t<\/div> \n\t\t\t\n        \n\t\t\t\t<div id=\"ngg-image-19\" class=\"ngg-gallery-thumbnail-box\" >\n\t\t\t\t        <div class=\"ngg-gallery-thumbnail\">\n            <a href=\"https:\/\/radeln-in-den-sonnenaufgang.de\/wp-content\/gallery\/shiraz-1\/2014-12-06-21h39m26.JPG\"\n               title=\"\"\n               data-src=\"https:\/\/radeln-in-den-sonnenaufgang.de\/wp-content\/gallery\/shiraz-1\/2014-12-06-21h39m26.JPG\"\n               data-thumbnail=\"https:\/\/radeln-in-den-sonnenaufgang.de\/wp-content\/gallery\/shiraz-1\/thumbs\/thumbs_2014-12-06-21h39m26.JPG\"\n               data-image-id=\"439\"\n               data-title=\"2014-12-06-21h39m26\"\n               data-description=\"\"\n               data-image-slug=\"2014-12-06-21h39m26\"\n               class=\"ngg-fancybox\" rel=\"1296\">\n                <img\n                    title=\"2014-12-06-21h39m26\"\n                    alt=\"2014-12-06-21h39m26\"\n                    src=\"https:\/\/radeln-in-den-sonnenaufgang.de\/wp-content\/gallery\/shiraz-1\/cache\/2014-12-06-21h39m26.JPG-nggid03439-ngg0dyn-120x90x100-00f0w010c011r110f110r010t010.JPG\"\n                    width=\"120\"\n                    height=\"90\"\n                    style=\"max-width:100%;\"\n                \/>\n            <\/a>\n        <\/div>\n\t\t\t\t\t\t\t<\/div> \n\t\t\t\n        \n\t\t\t\t<div id=\"ngg-image-20\" class=\"ngg-gallery-thumbnail-box\" >\n\t\t\t\t        <div class=\"ngg-gallery-thumbnail\">\n            <a href=\"https:\/\/radeln-in-den-sonnenaufgang.de\/wp-content\/gallery\/shiraz-1\/2014-12-07-17h19m04.JPG\"\n               title=\"\"\n               data-src=\"https:\/\/radeln-in-den-sonnenaufgang.de\/wp-content\/gallery\/shiraz-1\/2014-12-07-17h19m04.JPG\"\n               data-thumbnail=\"https:\/\/radeln-in-den-sonnenaufgang.de\/wp-content\/gallery\/shiraz-1\/thumbs\/thumbs_2014-12-07-17h19m04.JPG\"\n               data-image-id=\"441\"\n               data-title=\"2014-12-07-17h19m04\"\n               data-description=\"\"\n               data-image-slug=\"2014-12-07-17h19m04\"\n               class=\"ngg-fancybox\" rel=\"1296\">\n                <img\n                    title=\"2014-12-07-17h19m04\"\n                    alt=\"2014-12-07-17h19m04\"\n                    src=\"https:\/\/radeln-in-den-sonnenaufgang.de\/wp-content\/gallery\/shiraz-1\/cache\/2014-12-07-17h19m04.JPG-nggid03441-ngg0dyn-120x90x100-00f0w010c011r110f110r010t010.JPG\"\n                    width=\"120\"\n                    height=\"90\"\n                    style=\"max-width:100%;\"\n                \/>\n            <\/a>\n        <\/div>\n\t\t\t\t\t\t\t<\/div> \n\t\t\t\n        \n\t\t\t\t<div id=\"ngg-image-21\" class=\"ngg-gallery-thumbnail-box\" >\n\t\t\t\t        <div class=\"ngg-gallery-thumbnail\">\n            <a href=\"https:\/\/radeln-in-den-sonnenaufgang.de\/wp-content\/gallery\/shiraz-1\/2014-12-08-10h16m41.JPG\"\n               title=\"\"\n               data-src=\"https:\/\/radeln-in-den-sonnenaufgang.de\/wp-content\/gallery\/shiraz-1\/2014-12-08-10h16m41.JPG\"\n               data-thumbnail=\"https:\/\/radeln-in-den-sonnenaufgang.de\/wp-content\/gallery\/shiraz-1\/thumbs\/thumbs_2014-12-08-10h16m41.JPG\"\n               data-image-id=\"442\"\n               data-title=\"2014-12-08-10h16m41\"\n               data-description=\"\"\n               data-image-slug=\"2014-12-08-10h16m41\"\n               class=\"ngg-fancybox\" rel=\"1296\">\n                <img\n                    title=\"2014-12-08-10h16m41\"\n                    alt=\"2014-12-08-10h16m41\"\n                    src=\"https:\/\/radeln-in-den-sonnenaufgang.de\/wp-content\/gallery\/shiraz-1\/cache\/2014-12-08-10h16m41.JPG-nggid03442-ngg0dyn-120x90x100-00f0w010c011r110f110r010t010.JPG\"\n                    width=\"120\"\n                    height=\"90\"\n                    style=\"max-width:100%;\"\n                \/>\n            <\/a>\n        <\/div>\n\t\t\t\t\t\t\t<\/div> \n\t\t\t\n        \n\t\t\t\t<div id=\"ngg-image-22\" class=\"ngg-gallery-thumbnail-box\" >\n\t\t\t\t        <div class=\"ngg-gallery-thumbnail\">\n            <a href=\"https:\/\/radeln-in-den-sonnenaufgang.de\/wp-content\/gallery\/shiraz-1\/2014-12-08-10h17m30.JPG\"\n               title=\"\"\n               data-src=\"https:\/\/radeln-in-den-sonnenaufgang.de\/wp-content\/gallery\/shiraz-1\/2014-12-08-10h17m30.JPG\"\n               data-thumbnail=\"https:\/\/radeln-in-den-sonnenaufgang.de\/wp-content\/gallery\/shiraz-1\/thumbs\/thumbs_2014-12-08-10h17m30.JPG\"\n               data-image-id=\"443\"\n               data-title=\"2014-12-08-10h17m30\"\n               data-description=\"\"\n               data-image-slug=\"2014-12-08-10h17m30\"\n               class=\"ngg-fancybox\" rel=\"1296\">\n                <img\n                    title=\"2014-12-08-10h17m30\"\n                    alt=\"2014-12-08-10h17m30\"\n                    src=\"https:\/\/radeln-in-den-sonnenaufgang.de\/wp-content\/gallery\/shiraz-1\/cache\/2014-12-08-10h17m30.JPG-nggid03443-ngg0dyn-120x90x100-00f0w010c011r110f110r010t010.JPG\"\n                    width=\"120\"\n                    height=\"90\"\n                    style=\"max-width:100%;\"\n                \/>\n            <\/a>\n        <\/div>\n\t\t\t\t\t\t\t<\/div> \n\t\t\t\n        \n\t\t\n\t\t<div class=\"ngg-clear\"><\/div>\n\t<\/div>\n<\/p>\n","protected":false},"excerpt":{"rendered":"<p>Aufgrund eines kleinen Missverst\u00e4ndnisses bemerkten wir einen Tag vor unserer Ankunft in Shiraz, dass wir dort bislang ohne Unterkunft dastehen. Internet hatten wir auch keines und so bedienten wir uns ein paar Telefonkontakten, die wir von einem anderen Gastgeber bekommen hatten. Als wir in die Stadt hineinfahren erhalten wir \u00fcber diesen Kontakt eine Zusage. Kurze &hellip; <a href=\"https:\/\/radeln-in-den-sonnenaufgang.de\/?p=1152\" class=\"more-link\"><span class=\"screen-reader-text\">Iran 4; Shiraz<\/span> weiterlesen <span class=\"meta-nav\">&rarr;<\/span><\/a><\/p>\n","protected":false},"author":1,"featured_media":0,"comment_status":"open","ping_status":"open","sticky":false,"template":"","format":"standard","meta":{"ngg_post_thumbnail":0},"categories":[12],"tags":[],"_links":{"self":[{"href":"https:\/\/radeln-in-den-sonnenaufgang.de\/index.php?rest_route=\/wp\/v2\/posts\/1152"}],"collection":[{"href":"https:\/\/radeln-in-den-sonnenaufgang.de\/index.php?rest_route=\/wp\/v2\/posts"}],"about":[{"href":"https:\/\/radeln-in-den-sonnenaufgang.de\/index.php?rest_route=\/wp\/v2\/types\/post"}],"author":[{"embeddable":true,"href":"https:\/\/radeln-in-den-sonnenaufgang.de\/index.php?rest_route=\/wp\/v2\/users\/1"}],"replies":[{"embeddable":true,"href":"https:\/\/radeln-in-den-sonnenaufgang.de\/index.php?rest_route=%2Fwp%2Fv2%2Fcomments&post=1152"}],"version-history":[{"count":3,"href":"https:\/\/radeln-in-den-sonnenaufgang.de\/index.php?rest_route=\/wp\/v2\/posts\/1152\/revisions"}],"predecessor-version":[{"id":1298,"href":"https:\/\/radeln-in-den-sonnenaufgang.de\/index.php?rest_route=\/wp\/v2\/posts\/1152\/revisions\/1298"}],"wp:attachment":[{"href":"https:\/\/radeln-in-den-sonnenaufgang.de\/index.php?rest_route=%2Fwp%2Fv2%2Fmedia&parent=1152"}],"wp:term":[{"taxonomy":"category","embeddable":true,"href":"https:\/\/radeln-in-den-sonnenaufgang.de\/index.php?rest_route=%2Fwp%2Fv2%2Fcategories&post=1152"},{"taxonomy":"post_tag","embeddable":true,"href":"https:\/\/radeln-in-den-sonnenaufgang.de\/index.php?rest_route=%2Fwp%2Fv2%2Ftags&post=1152"}],"curies":[{"name":"wp","href":"https:\/\/api.w.org\/{rel}","templated":true}]}}